{"id":17598,"date":"2021-08-31T09:27:39","date_gmt":"2021-08-31T07:27:39","guid":{"rendered":"https:\/\/bonpote.com\/the-bike-is-the-future-of-our-mobility-1-5\/"},"modified":"2022-06-15T17:08:20","modified_gmt":"2022-06-15T15:08:20","slug":"the-bike-is-the-future-of-our-mobility-1-5","status":"publish","type":"post","link":"https:\/\/bonpote.com\/en\/the-bike-is-the-future-of-our-mobility-1-5\/","title":{"rendered":"The bike is the future of our mobility (1\/5)"},"content":{"rendered":"\n<p><em>A few months ago, I asked<\/em><a href=\"https:\/\/twitter.com\/GlmMrt\" target=\"_blank\" rel=\"noreferrer noopener\"><em>Guillaume Martin<\/em><\/a><em> (mobility consultant at <a href=\"http:\/\/bl-evolution.com\" target=\"_blank\" rel=\"noreferrer noopener\">BL \u00e9volution<\/a>) if he was motivated to write a few lines about cycling to be published on Bon Pote. He came back to me with almost 60 pages of content, well argued, illustrated and sourced!<\/em><\/p>\n\n<p><em>To facilitate the reading,<\/em><em> we will publish this file in 5 parts, which can be read in a row or independently from each other. After a brief introduction, you will find:<\/em><\/p>\n\n<ul class=\"wp-block-list\" id=\"block-27847544-152b-4b4b-9c3c-a549e681ee11\"><li><em>Part 1: <a href=\"https:\/\/bonpote.com\/en\/the-bike-is-the-future-of-our-mobility-1-5\/\">Mobility structures our lives but has a heavy economic, health and ecological impact<\/a> <\/em><\/li><li><em>Part 2: <a href=\"https:\/\/bonpote.com\/en\/why-develop-cycling-making-the-case-for-the-bicycle-2-5\/\">Why develop cycling? Making the case for the bicycle<\/a> <\/em><\/li><li><em>Part 3: <a href=\"https:\/\/bonpote.com\/ma-grand-mere-ou-mon-plombier-ne-feront-jamais-de-velo-stop-aux-idees-recues-3-5\/\">You&#8217;re very kind, but my grandmother or my plumber will never ride a bike&nbsp;: stop the preconceived ideas<\/a><\/em><\/li><li><em>Part 4: <a href=\"https:\/\/bonpote.com\/le-velo-est-le-meilleur-moyen-de-decarboner-nos-mobilites-4-5\/\">Cycling is the best way to decarbonize our mobility<\/a> <\/em><\/li><li><em>Part 5: <a href=\"https:\/\/bonpote.com\/partie-5-construire-une-france-cyclable-5-5\/\">Building a bikeable France<\/a> <\/em><\/li><\/ul>\n<h2 class=\"wp-block-heading\" id=\"h-introduction-de-la-mobilit-du-banlieusard-l-intermodalit-v-lo-train\">Introduction: from commuter mobility to bike + train intermodality<\/h2>\n\n<p><strong>Today, the bicycle is my main means of transportation<\/strong> (with the train winning hands down in terms of number of kilometers traveled). It started with a few commutes and then a few vacations with friends by bike along the Canal du Midi. Now, my work trips are also done by bike (and train), all year long, everywhere in France, including in very rural areas. <\/p>\n\n<p><strong>I can hardly believe it today. In retrospective, I&#8217;ve come a long way since the car was a reflex for me as soon as I got my driver&#8217;s license. <\/strong><\/p>\n\n<p>I grew up in a suburb with poor transportation links, about 15 kilometers from the Paris ring road. In spite of the high urban density of the area, everything was designed to encourage people to take their cars and <strong>nothing was really conducive to cycling on a daily basis<\/strong> (unless you were a fan of road interchanges, old national roads and other commercial zones built at truck height). I remember very well all those trips by car of a few kilometers (even of a few hundred meters to go get the bread!). Today, I don&#8217;t have a car but I sometimes rent one one or two times a year, systematically to carpool when there is no efficient combination of bike and train. <\/p>\n\n<div class=\"wp-block-image\"><figure class=\"aligncenter size-full is-resized\"><img loading=\"lazy\" decoding=\"async\" src=\"https:\/\/bonpote.com\/wp-content\/uploads\/2021\/08\/image-47.png\" alt=\"\" class=\"wp-image-11378\" width=\"419\" height=\"419\" srcset=\"https:\/\/bonpote.com\/wp-content\/uploads\/2021\/08\/image-47.png 922w, https:\/\/bonpote.com\/wp-content\/uploads\/2021\/08\/image-47-300x300.png 300w, https:\/\/bonpote.com\/wp-content\/uploads\/2021\/08\/image-47-150x150.png 150w, https:\/\/bonpote.com\/wp-content\/uploads\/2021\/08\/image-47-768x767.png 768w, https:\/\/bonpote.com\/wp-content\/uploads\/2021\/08\/image-47-80x80.png 80w\" sizes=\"auto, (max-width: 419px) 100vw, 419px\" \/><figcaption>An environment like France has many where almost everything is designed for the car. A piece of candy to the one who finds where it is. Photo credit: G\u00e9oportail. <\/figcaption><\/figure><\/div>\n\n<p><strong>This transformation started about ten years ago,<\/strong> as I became aware of the climate crisis thanks to the association <a href=\"https:\/\/avenirclimatique.org\/\" target=\"_blank\" rel=\"noreferrer noopener\">Avenir Climatique<\/a> which trains citizens to the energy &#8211; climate stakes. I was then looking to transform my lifestyle to reduce my carbon footprint. <strong>I tested the bicycle for its ecological balance, I adopted it for its practicality and pleasantness. <\/strong><\/p>\n\n<p>Today, I have also made it my job within the consulting firm <a href=\"https:\/\/www.bl-evolution.com\/\" target=\"_blank\" rel=\"noreferrer noopener\">BL \u00e9volution<\/a> which accompanies territories and companies in the necessary transformations linked to the ecological transition. I remember, less than 3 years ago, the look on the faces of some elected officials who saw me disembarking in the middle of Auvergne on a bicycle in the parking lot of the town hall filled with SUVs. Some of them found it hard to believe that a consultant from Paris could come to them by bike and train to talk to them about the climate or cycling. At the time, the reception was not always very friendly. <strong>When I talked about cycling in certain areas, people laughed at me or thought I was crazy despite the figures and arguments.<\/strong> Today, the momentum is there: <strong>all regions want to become bikeable, the bike is finally taken seriously<\/strong> as a full-fledged mode of transportation that is not reserved for the unemployed or for environmental fanatics. <\/p>\n\n<div class=\"wp-block-image\"><figure class=\"aligncenter size-large is-resized\"><img loading=\"lazy\" decoding=\"async\" src=\"https:\/\/bonpote.com\/wp-content\/uploads\/2021\/08\/IMG_20200308_132744-1024x768.jpg\" alt=\"BL's evolving company bicycles that often cause a stir with local elected officials. Photo credits: Guillaume Martin. \" class=\"wp-image-11379\" width=\"440\" height=\"330\" srcset=\"https:\/\/bonpote.com\/wp-content\/uploads\/2021\/08\/IMG_20200308_132744-1024x768.jpg 1024w, https:\/\/bonpote.com\/wp-content\/uploads\/2021\/08\/IMG_20200308_132744-300x225.jpg 300w, https:\/\/bonpote.com\/wp-content\/uploads\/2021\/08\/IMG_20200308_132744-768x576.jpg 768w, https:\/\/bonpote.com\/wp-content\/uploads\/2021\/08\/IMG_20200308_132744-1536x1152.jpg 1536w, https:\/\/bonpote.com\/wp-content\/uploads\/2021\/08\/IMG_20200308_132744-2048x1536.jpg 2048w\" sizes=\"auto, (max-width: 440px) 100vw, 440px\" \/><figcaption>BL&#8217;s evolving company bicycles that often cause a stir with local elected officials. Photo credits: Guillaume Martin. <\/figcaption><\/figure><\/div>\n\n<p>In this series of articles, I will try to share with you a big summary of several years of research and reflection around mobilities and cycling. <a href=\"https:\/\/bonpote.com\/en\/the-bike-is-the-future-of-our-mobility-1-5\/\" target=\"_blank\" rel=\"noreferrer noopener\">The first part<\/a> explores some data and general elements about French mobility, its constraints but also its impacts on the whole society. In <a href=\"https:\/\/bonpote.com\/en\/why-develop-cycling-making-the-case-for-the-bicycle-2-5\/\" target=\"_blank\" rel=\"noreferrer noopener\">part 2<\/a>, we look at a number of arguments in favor of cycling: health, economic, social&#8230; In <a href=\"https:\/\/bonpote.com\/ma-grand-mere-ou-mon-plombier-ne-feront-jamais-de-velo-stop-aux-idees-recues-3-5\/\" target=\"_blank\" rel=\"noreferrer noopener\">part 3<\/a>, I propose to deconstruct a number of preconceived ideas about cycling. <a href=\"https:\/\/bonpote.com\/le-velo-est-le-meilleur-moyen-de-decarboner-nos-mobilites-4-5\/\" target=\"_blank\" rel=\"noreferrer noopener\">Part 4<\/a> focuses more specifically on the climate issue, on the excellent power of cycling to reduce greenhouse gas emissions and on the total potential of trips that can be made by bicycle in France. Finally, <a href=\"https:\/\/bonpote.com\/partie-5-construire-une-france-cyclable-5-5\/\" target=\"_blank\" rel=\"noreferrer noopener\">in part 5<\/a>, I present some ideas and orders of magnitude for building a France that can be cycled and thus contribute to the objectives of carbon neutrality. <\/p>\n\n<h2 class=\"wp-block-heading\">Mobility structures our lives but has a heavy economic, health and environmental impact (1\/5)<\/h2>\n\n<h3 class=\"wp-block-heading\">Mobility is an activity in its own right that has undergone profound changes over the last century<\/h3>\n\n<p>The first thing to understand when thinking about mobility issues is that mobility is an activity in its own right. It is often forced and experienced as a constraint: (distance to work, land use planning&#8230;). There is no shortage of reports, studies and data dealing with mobility. Among the most interesting sources to mention is the <a href=\"https:\/\/www.insee.fr\/fr\/metadonnees\/source\/serie\/s1277\" target=\"_blank\" rel=\"noreferrer noopener\">National Transport and Travel Survey<\/a>, which consists of a vast survey of all modes of travel. It is the most complete data set available in France. Unfortunately, the latest data date from 2008 (the update is in progress and should be released within the year). <\/p>\n\n<p>By playing around with the data, we can see that the French travel <strong>an average of 35 km per day by car.<\/strong> Without counting the construction of vehicles, roads and the operation of hospitals to manage the induced accidents (among other indirect impacts), <strong>this represents 1.2 tCO2e per year per French person, which is more than half of our individual CO2e budget in a France that would respect carbon neutrality.<\/strong> <\/p>\n\n<div class=\"wp-block-image\"><figure class=\"aligncenter\"><img decoding=\"async\" src=\"https:\/\/lh6.googleusercontent.com\/HSJ9kJK9-KhTuzOcPnLv01dPCJ5fCcjYOv88JQV54a-ZNegB_49AV75lNeJD6jW7ZjBAE7G3uHl05EOMOyoapnISWKAStvz2s_Fz-Sadb_H7G0rVPGPdsBhbKaA8ZyVl8hqW7Og=s0\" alt=\"\"\/><figcaption><em>Source:<\/em> <a href=\"https:\/\/www.insee.fr\/fr\/metadonnees\/source\/serie\/s1277\"><em>National Transport and Travel Survey 2008<\/em><\/a> and <a href=\"http:\/\/www.chair-energy-prosperity.org\/publications\/travail-de-these-decarboner-transports-dici-2050\/\"><em>Aur\u00e9lien Bigo&#8217;<\/em><\/a><em>s thesis.<\/em><em>. Graphic:<\/em><a href=\"https:\/\/twitter.com\/M_Chassignet\"><em> Mathieu Chassignet<\/em><\/a><\/figcaption><\/figure><\/div>\n\n<p>At the same time, you can see that walking and cycling, which were in the majority before the middle of the last century, are now very much in the minority. Historically, <strong>the shift from a predominantly foot-based mobility to a car-dominated mobility has been achieved by replacing trips of about 1 km on foot with trips of about 10 km by car.<\/strong> This has led to an explosion in the number of kilometers travelled per person. <a href=\"https:\/\/www.lemonde.fr\/economie\/article\/2021\/03\/28\/il-faudrait-remplacer-des-trajets-longs-en-voiture-par-des-trajets-courts-a-velo_6074770_3234.html\" target=\"_blank\" rel=\"noreferrer noopener\">Could the bicycle do the opposite?<\/a> <\/p>\n\n<div class=\"wp-block-image\"><figure class=\"aligncenter size-full is-resized\"><img loading=\"lazy\" decoding=\"async\" src=\"https:\/\/bonpote.com\/wp-content\/uploads\/2021\/08\/image-57.png\" alt=\"\" class=\"wp-image-11403\" width=\"605\" height=\"362\" srcset=\"https:\/\/bonpote.com\/wp-content\/uploads\/2021\/08\/image-57.png 605w, https:\/\/bonpote.com\/wp-content\/uploads\/2021\/08\/image-57-300x180.png 300w\" sizes=\"auto, (max-width: 605px) 100vw, 605px\" \/><figcaption><em>Since 1950, car use has exploded, as has the number of kilometers traveled. Source: <\/em><a href=\"http:\/\/www.chair-energy-prosperity.org\/publications\/travail-de-these-decarboner-transports-dici-2050\/\" target=\"_blank\" rel=\"noreferrer noopener\"><em>Aur\u00e9lien Bigo. <\/em><\/a><\/figcaption><\/figure><\/div>\n\n<h3 class=\"wp-block-heading\">Even if travel modes change, the number and duration of trips remain constant<\/h3>\n\n<p>The other most interesting data concerns the number of trips made per day and the time spent by the French on travel. <strong>For nearly 200 years, the number of trips per person per day has been between <a href=\"https:\/\/trid.trb.org\/view\/120096\" target=\"_blank\" rel=\"noreferrer noopener\">3 and 4<\/a>, whatever the mode of travel.<\/strong>. We can also consider that even if the modes of transport have evolved, <strong><a href=\"https:\/\/en.wikipedia.org\/wiki\/Marchetti%27s_constant\" target=\"_blank\" rel=\"noreferrer noopener\">the constant<\/a> is the time needed to make a daily trip<\/strong> : on average between 15 and 20 minutes whatever the mode of transportation (excluding the time needed to access public transport) and <strong>about an hour of transport per day per person<\/strong> on average. What has changed dramatically with the development of motorized modes is the travel distance induced by access to a faster mode of travel (and conversely, the greenhouse gas emission reduction potential of bicycle-based mobility, as discussed in Part 4). <\/p>\n\n<p>Another interesting source is <a href=\"https:\/\/forumviesmobiles.org\/\" target=\"_blank\" rel=\"noreferrer noopener\">the Mobile Lives Forum Report.<\/a> It shows that <strong>30% of the population performs all of its activities within 9 kilometers<\/strong> of its home (excluding social activities) and can therefore potentially do without the car on a daily basis. This would not be without consequences on our national greenhouse gas emissions (we will see this in more detail in part 4)! <\/p>\n\n<h3 class=\"wp-block-heading\">City or country: different modes of travel but similarities far from preconceived ideas<\/h3>\n\n<p>Contrary to what is usually said, people do not travel less when they live in a dense city than when they live in the countryside. The survey shows that <strong>there is no relationship between the density of an area (number of inhabitants per km\u00b2) and the amount of travel.<\/strong> The importance of travel is primarily explained by the size of the city in which one lives: travel times and distances are shortest in medium-sized cities, between 10,000 and 50,000 inhabitants. These results call into question the ideal of a metropolitan model that, organized around a dense city, would reduce travel for its inhabitants. <\/p>\n\n<p>These results also show that <strong>what changes between the city, the countryside and the suburbs is the perception of distances.<\/strong> Indeed, this perception is often quite irrational and depends more on the environment crossed than on the actual distance to be covered. For example, an urban journey of several kilometers may seem quite accessible on foot or by bicycle in a dense, continuous urban fabric where the path is easy (wide sidewalks, bicycle facilities&#8230;) and where there is life on the way (shops, people in the street&#8230;). On the contrary, <strong>we tend to lengthen our perception of distances and travel times when we cross deserted, austere or very hostile environments<\/strong> (in the countryside on the edge of a country road, in the middle of shopping areas or on the edge of expressways&#8230;). <\/p>\n\n<p><em>NB: Our relationship to time and distance will be discussed in more detail in <a href=\"https:\/\/bonpote.com\/ma-grand-mere-ou-mon-plombier-ne-feront-jamais-de-velo-stop-aux-idees-recues-3-5\/\" target=\"_blank\" rel=\"noreferrer noopener\">parts 3<\/a> and 4 of this article. <\/em><\/p>\n\n<div class=\"wp-block-image\"><figure class=\"aligncenter size-full\"><img loading=\"lazy\" decoding=\"async\" width=\"609\" height=\"167\" src=\"https:\/\/bonpote.com\/wp-content\/uploads\/2021\/08\/image-48.png\" alt=\"In the countryside or in the city, our perception of distances and travel times changes according to the environments we have to cross. Photo credit: Pixabay.\" class=\"wp-image-11380\" srcset=\"https:\/\/bonpote.com\/wp-content\/uploads\/2021\/08\/image-48.png 609w, https:\/\/bonpote.com\/wp-content\/uploads\/2021\/08\/image-48-300x82.png 300w\" sizes=\"auto, (max-width: 609px) 100vw, 609px\" \/><figcaption><em>In the countryside or in the city, our perception of distances and travel times changes according to the environments we have to cross. Photo credit: Pixabay.<\/em><\/figcaption><\/figure><\/div>\n\n<h2 class=\"wp-block-heading\">The main issues related to our daily mobility<\/h2>\n\n<h3 class=\"wp-block-heading\">A social issue: the richer and more educated we are, the more we travel far, often and quickly.<\/h3>\n\n<p><strong>Mobility is above all a social issue.<\/strong> It allows us to move around on a daily basis, to give our vaccinated grandmother a kiss, to go to work, to see our friends. It is the link that unites us and allows us to be social. The confinements have shown us to what extent our mobility habits are structuring our lives and our social habits. As we will see later, focusing on everyday local travel is also a measure of social justice. According to the <a href=\"https:\/\/www.actu-environnement.com\/media\/pdf\/news-35081-Enquete-mobilite-francais-forum-vie-mobiles-2020.pdf\" target=\"_blank\" rel=\"noreferrer noopener\">Mobile Life Forum<\/a>, <strong>the richer and more educated people are, the further, faster and more often they travel.<\/strong><\/p>\n\n<h3 class=\"wp-block-heading\">An economic issue: the number one consumption item for households<\/h3>\n\n<p><strong>Mobility is an economic issue and a cost for households.<\/strong> According to <a href=\"https:\/\/www.insee.fr\/fr\/statistiques\/4764315?sommaire=4648339\" target=\"_blank\" rel=\"noreferrer noopener\">INSEE<\/a>, it is the number one consumption item for all French people (16% of the household budget, i.e. an average of \u20ac4,500). <br\/><\/p>\n\n<div class=\"wp-block-image\"><figure class=\"aligncenter size-full is-resized\"><img loading=\"lazy\" decoding=\"async\" src=\"https:\/\/bonpote.com\/wp-content\/uploads\/2021\/08\/image-50.png\" alt=\"\" class=\"wp-image-11383\" width=\"621\" height=\"731\" srcset=\"https:\/\/bonpote.com\/wp-content\/uploads\/2021\/08\/image-50.png 828w, https:\/\/bonpote.com\/wp-content\/uploads\/2021\/08\/image-50-255x300.png 255w, https:\/\/bonpote.com\/wp-content\/uploads\/2021\/08\/image-50-768x903.png 768w\" sizes=\"auto, (max-width: 621px) 100vw, 621px\" \/><figcaption><em>On average, transportation is the first consumption item for French households (16% of the household budget, in pink). This budget increases for the most affluent households (in blue) and remains, in proportion, the first item of expenditure. For the poorest households, housing and food are, in proportion, more important budgets than transportation. Graph: <\/em><a href=\"https:\/\/www.insee.fr\/fr\/statistiques\/4764315?sommaire=4648339\"><em>INSEE<\/em><\/a><br\/><\/figcaption><\/figure><\/div>\n\n<h3 class=\"wp-block-heading\">A climate issue: the leading emissions item in France, the least successful in decarbonization<\/h3>\n\n<p><strong>The transport sector is the largest source of greenhouse gas emissions in France<\/strong>, with nearly 136 MtCO2e in 2019, i.e. nearly 31% of national emissions, <a href=\"https:\/\/www.hautconseilclimat.fr\/wp-content\/uploads\/2021\/06\/HCC_rapport-annuel_0821.pdf\" target=\"_blank\" rel=\"noreferrer noopener\">according to the French High Council for the Climate<strong>.<\/strong><\/a><strong> <\/strong>However, there is one nuance: the transport sector includes the mobility of people and the transport of goods. In this article, we will focus on the mobility of people, which represents more than 60% of the sector&#8217;s emissions (in the graph below, we can add up cars and a part of the commercial vehicles that are not used to deliver goods).<\/p>\n\n<p><em>NB: The freight transport sector would deserve an entire article. Cycling with cyclologistics also has its role to play in this sector, especially in the delivery of the last kilometer, <\/em>as <a href=\"https:\/\/static1.squarespace.com\/static\/5d30896202a18c0001b49180\/t\/61091edc3acfda2f4af7d97f\/1627987694676\/The+Promise+of+Low-Carbon+Freight.pdf\" target=\"_blank\" rel=\"noreferrer noopener\"><em>this recent study<\/em><\/a> has shown<em>.<\/em> <\/p>\n\n<div class=\"wp-block-image\"><figure class=\"aligncenter is-resized\"><a href=\"https:\/\/lh6.googleusercontent.com\/3OGCPw8-vKGUBoyI0lCoPh955WnYUpXVMB7GdkgaActGRCGj-kgPOltbR84kx5sdPrZYWrRJ1Q46BUtjhqnsc75U2Oyqspt8l4zDWgNjk4vSKY58oIInqBgFENjYCw=s0\"><img loading=\"lazy\" decoding=\"async\" src=\"https:\/\/lh6.googleusercontent.com\/3OGCPw8-vKGUBoyI0lCoPh955WnYUpXVMB7GdkgaActGRCGj-kgPOltbR84kx5sdPrZYWrRJ1Q46BUtjhqnsc75U2Oyqspt8l4zDWgNjk4vSKY58oIInqBgFENjYCw=s0\" alt=\"\" width=\"644\" height=\"644\"\/><\/a><figcaption><em>French territorial greenhouse gas emissions by sector in 2019 according to<\/em><a href=\"https:\/\/www.hautconseilclimat.fr\/wp-content\/uploads\/2021\/06\/HCC_rapport-annuel_0821.pdf\"><em>the High Council for Climate.<\/em><\/a> Transportation is the leading source of emissions, with more than half of them coming from car travel.<\/figcaption><\/figure><\/div>\n\n<p><\/p>\n\n<p><strong>Even more worrying is that the transport sector is the worst performer in the decarbonization process.<\/strong> According to <a href=\"https:\/\/www.hautconseilclimat.fr\/wp-content\/uploads\/2021\/06\/HCC-rappport-annuel-2021.pdf\" target=\"_blank\" rel=\"noreferrer noopener\">the latest report of the High Council for the Climate<\/a>, it is the sector whose emissions are the most &#8220;out of control&#8221; and the least aligned with the objectives of the National Low Carbon Strategy (NLCS): &#8221; <em>Compliance with the NLCS trajectory for the sector requires a strong acceleration of the pace of emissions reductions. The first sectoral carbon budget for the period 2015-2018 has been exceeded by 43 MtCO2e. [&#8230;] While the NLCS targets an annual reduction rate of between 3 MtCO2e and 4 MtCO2e over the period 2021-2030, it was only 0.7 MtCO2e\/year over the period of the first carbon budget. &#8221; <\/em><strong>More simply, we can remember that the transport sector would have to decrease its greenhouse gas emissions 5 to 6 times faster than today to align with the objectives of the National Low Carbon Strategy. <\/strong><\/p>\n\n<div class=\"wp-block-image\"><figure class=\"aligncenter size-large is-resized\"><img loading=\"lazy\" decoding=\"async\" src=\"https:\/\/bonpote.com\/wp-content\/uploads\/2021\/08\/image-52-1024x627.png\" alt=\"\" class=\"wp-image-11385\" width=\"642\" height=\"393\" srcset=\"https:\/\/bonpote.com\/wp-content\/uploads\/2021\/08\/image-52-1024x627.png 1024w, https:\/\/bonpote.com\/wp-content\/uploads\/2021\/08\/image-52-300x184.png 300w, https:\/\/bonpote.com\/wp-content\/uploads\/2021\/08\/image-52-768x470.png 768w, https:\/\/bonpote.com\/wp-content\/uploads\/2021\/08\/image-52.png 1036w\" sizes=\"auto, (max-width: 642px) 100vw, 642px\" \/><figcaption><em>On this graph, the red bars represent the carbon budgets allocated to each sector by the National Low Carbon Strategy (NLCS1). Noting that these objectives would not be reached (the black curve is above the first red bar), the revision of the NLCS (NLCS2) introduced new objectives (green bars and yellow line to symbolize the emissions trajectory to follow). The first elements for the period 2018 &#8211; 2020 show that it will still be very difficult to follow this trajectory. The strong decrease linked to the COVID-19 (-16% between 2019 and 2020) is a one-off and temporary phenomenon. Source&nbsp;: <\/em><a href=\"https:\/\/www.hautconseilclimat.fr\/wp-content\/uploads\/2021\/06\/HCC-rappport-annuel-2021.pdf\"><em>High Council for the Climate.<\/em><\/a><\/figcaption><\/figure><\/div>\n\n<p>This is the harsh reality of the figures. Despite the constant hype for electric vehicles, <strong>fleet renewal is a long process.<\/strong> In 2020, 8.2% of vehicles purchased in France were electric, a percentage that is up sharply from 2019 (1.9%) but still too low to make a structural difference, since a vehicle has an average lifespan of 10 to 15 years. Put another way, <strong>if 100% of vehicles sold were to be electric (or low-emission through other processes), it would take at least another 10 years before the sector was fully decarbonized.<\/strong> In France, a ban on<strong>the sale<\/strong>of combustion engine vehicles is not planned before 2040, whereas the European Union recently announced that it was working on a target date of 2035. Other countries are already more ambitious, such as Denmark (2025), the Netherlands, Sweden and the United Kingdom (2030). <\/p>\n\n<p><\/p>\n\n<h3 class=\"wp-block-heading\">An energy challenge: the sector most dependent on fossil fuels<\/h3>\n\n<p><strong>The transport sector is also the leading sector in terms of energy consumption. <\/strong> Final energy consumption for transport purposes will amount to 45 Mtoe (million tons of oil equivalent &#8211; that&#8217;s a lot) in 2019. After increasing in the 1990s, it has remained relatively stable since the beginning of the century. . <\/p>\n\n<div class=\"wp-block-image\"><figure class=\"aligncenter size-large is-resized\"><img loading=\"lazy\" decoding=\"async\" src=\"https:\/\/bonpote.com\/wp-content\/uploads\/2021\/08\/image-54-1024x752.png\" alt=\"\" class=\"wp-image-11387\" width=\"505\" height=\"371\" srcset=\"https:\/\/bonpote.com\/wp-content\/uploads\/2021\/08\/image-54-1024x752.png 1024w, https:\/\/bonpote.com\/wp-content\/uploads\/2021\/08\/image-54-300x220.png 300w, https:\/\/bonpote.com\/wp-content\/uploads\/2021\/08\/image-54-768x564.png 768w, https:\/\/bonpote.com\/wp-content\/uploads\/2021\/08\/image-54-110x81.png 110w, https:\/\/bonpote.com\/wp-content\/uploads\/2021\/08\/image-54.png 1105w\" sizes=\"auto, (max-width: 505px) 100vw, 505px\" \/><figcaption><em>Transport is the leading fossil fuel consumer sector (in orange on the graph). Source: <\/em><a href=\"https:\/\/www.statistiques.developpement-durable.gouv.fr\/sites\/default\/files\/2020-11\/datalab_70_chiffres_cles_energie_edition_2020_septembre2020_1.pdf\" target=\"_blank\" rel=\"noreferrer noopener\"><em>CGDD<\/em><\/a><em>. <\/em> <\/figcaption><\/figure><\/div>\n\n<p><strong>Nearly 90% of the energy consumed in transport is of fossil origin (mainly oil).<\/strong> We are still a long way from the dreams of all-electricity or <a href=\"https:\/\/bonpote.com\/lhydrogene-peut-il-tenir-toutes-ses-promesses\/\" target=\"_blank\" rel=\"noreferrer noopener\">hydrogen<\/a>(the rest is completed, in 2019, by 8% of biofuels and 2% of electricity). Obviously, all of this fossil energy consumption makes us very dependent on producing countries, weighs on household and business budgets and weakens our economy. In 2018, the associated expenditure is \u20ac71 billion <a href=\"https:\/\/www.statistiques.developpement-durable.gouv.fr\/sites\/default\/files\/2020-11\/datalab_70_chiffres_cles_energie_edition_2020_septembre2020_1.pdf\" target=\"_blank\" rel=\"noreferrer noopener\">according to the CGDD.<\/a> Although subject to non-negligible price volatility risks in the short term, there is no risk of depletion of oil resources in the medium to long term that would allow us to rely on a decrease in supply to bring about a radical change in the energy mix. Thus, <strong>the decrease in fossil fuel consumption, which is a <em>sine qua non<\/em> condition for decarbonization of the sector, must come from a decrease in the demand<\/strong> for oil fuel. <\/p>\n\n<div class=\"wp-block-image\"><figure class=\"aligncenter size-large is-resized\"><img loading=\"lazy\" decoding=\"async\" src=\"https:\/\/bonpote.com\/wp-content\/uploads\/2021\/08\/image-55-1024x713.png\" alt=\"\" class=\"wp-image-11388\" width=\"520\" height=\"362\" srcset=\"https:\/\/bonpote.com\/wp-content\/uploads\/2021\/08\/image-55-1024x713.png 1024w, https:\/\/bonpote.com\/wp-content\/uploads\/2021\/08\/image-55-300x209.png 300w, https:\/\/bonpote.com\/wp-content\/uploads\/2021\/08\/image-55-768x535.png 768w, https:\/\/bonpote.com\/wp-content\/uploads\/2021\/08\/image-55.png 1077w\" sizes=\"auto, (max-width: 520px) 100vw, 520px\" \/><figcaption><em>90% of the energy consumed in transport is of fossil origin (in blue on the graph). Source&nbsp;: <\/em><a href=\"https:\/\/www.statistiques.developpement-durable.gouv.fr\/sites\/default\/files\/2020-11\/datalab_70_chiffres_cles_energie_edition_2020_septembre2020_1.pdf\" target=\"_blank\" rel=\"noreferrer noopener\"><em>CGDD<\/em><\/a><em>. <\/em> <\/figcaption><\/figure><\/div>\n\n<h3 class=\"wp-block-heading\">A health issue: a deadly toll<\/h3>\n\n<p><strong>The transport sector is also one of the main contributors to air pollution.<\/strong> In 2019, road transport accounted for 12%, 54% and 40% of average emissions of fine particles PM2.5, nitrogen oxide (NOx) and soot carbon respectively. According to <a href=\"https:\/\/www.franceinter.fr\/moins-de-morts-en-france-lies-a-la-pollution-de-l-air-pendant-le-premier-confinement#:~:text=Moins%20de%20morts%20en%20France,elle%20d%C3%A9plore%2040%20000%20morts.\" target=\"_blank\" rel=\"noreferrer noopener\">Sant\u00e9 Publique France<\/a>, this air pollution is responsible for 40,000 deaths each year. In terms of economic impact, <a href=\"http:\/\/www.senat.fr\/commission\/enquete\/cout_economique_et_financier_de_la_pollution_de_lair.html\" target=\"_blank\" rel=\"noreferrer noopener\">the Senate&#8217;s Commission of Inquiry on the economic and financial cost of air pollution<\/a> estimated the total cost of these nuisances at between 68 and 97 billion euros per year, a large part of which is linked to health impacts <\/p>\n\n<p><strong>Our mobility system, which today relies heavily on the car, leads to a significant sedentary lifestyle.<\/strong> In 2014-2016, in France, only 71% of men and 53% of women reached the WHO recommendations for physical activity according to <a href=\"https:\/\/www.santepubliquefrance.fr\/determinants-de-sante\/nutrition-et-activite-physique\/documents\/article\/activite-physique-et-sedentarite-dans-la-population-francaise.-situation-en-2014-2016-et-evolution-depuis-2006-2007\" target=\"_blank\" rel=\"noreferrer noopener\">Sant\u00e9 Publique France<\/a>.<\/p>\n\n<p><strong>Transportation is the main source of noise in our public space.<\/strong> A recent study by the <a href=\"https:\/\/www.bruit.fr\/images\/stories\/les-chiffres-du-bruit\/Rapport_complet_Cot_Social_Bruit_et_mesures_bruit_air_-_VF5.pdf\" target=\"_blank\" rel=\"noreferrer noopener\">ADEME<\/a>, the French Environment and Energy Management Agency, estimates that the health consequences related to noise amount to 156 billion euros per year, of which more than half is due to road transport alone (52%). This financial assessment mainly takes into account health costs but also real estate depreciation and costs related to noise prevention. <\/p>\n\n<p>Finally, it is difficult to discuss mobility without recalling that <strong>roads and motorists kill about<\/strong> <a href=\"https:\/\/www.vie-publique.fr\/en-bref\/278394-baisse-de-la-mortalite-sur-les-routes-de-france-en-2020#:~:text=En%202020%2C%202%20780%20personnes,contre%203%20244%20en%202019.\" target=\"_blank\" rel=\"noreferrer noopener\"><strong>3,000 people a year in France<\/strong><\/a><strong>,<\/strong> putting our country at the bottom of the <a href=\"https:\/\/www.europarl.europa.eu\/resources\/library\/images\/20200727PHT84155\/20200727PHT84155_original.jpg\" target=\"_blank\" rel=\"noreferrer noopener\">European picture<\/a>. This is an impact that is completely under-reported and strangely tolerated in our society. In comparison, terrorism responsible for about <a href=\"https:\/\/fr.wikipedia.org\/wiki\/Terrorisme_en_France#:~:text=Depuis%20les%20ann%C3%A9es%202000%2C%20le,morts%20entre%202015%20et%202019.\" target=\"_blank\" rel=\"noreferrer noopener\">500 deaths since 2000<\/a> has caused 120 times fewer victims than road accidents. The<a href=\"https:\/\/www.latribune.fr\/entreprises-finance\/services\/transport-logistique\/20130713trib000775552\/ferroviaire-les-douze-plus-graves-accidents-en-france-depuis-30-ans.html\" target=\"_blank\" rel=\"noreferrer noopener\">Br\u00e9tigny-sur-Orge<\/a> accident (the last big railway accident in France) caused 7 deaths (430 times less than a year on the roads). <\/p>\n\n<div class=\"wp-block-image\"><figure class=\"aligncenter size-large is-resized\"><img loading=\"lazy\" decoding=\"async\" src=\"https:\/\/bonpote.com\/wp-content\/uploads\/2021\/08\/image-56-1024x462.png\" alt=\"\" class=\"wp-image-11389\" width=\"768\" height=\"347\" srcset=\"https:\/\/bonpote.com\/wp-content\/uploads\/2021\/08\/image-56-1024x462.png 1024w, https:\/\/bonpote.com\/wp-content\/uploads\/2021\/08\/image-56-300x135.png 300w, https:\/\/bonpote.com\/wp-content\/uploads\/2021\/08\/image-56-768x346.png 768w, https:\/\/bonpote.com\/wp-content\/uploads\/2021\/08\/image-56.png 1049w\" sizes=\"auto, (max-width: 768px) 100vw, 768px\" \/><figcaption>Since 2010, between 3000 and 4000 people die each year on the roads. The decrease observed in 2020 can certainly be explained by the successive periods of confinement that have reduced the number of trips. Source: <a href=\"https:\/\/www.vie-publique.fr\/en-bref\/278394-baisse-de-la-mortalite-sur-les-routes-de-france-en-2020\" target=\"_blank\" rel=\"noreferrer noopener\">Road Safety Report 2020.<\/a> <\/figcaption><\/figure><\/div>\n\n<h3 class=\"has-vivid-cyan-blue-color has-text-color wp-block-heading\"><em>Conclusion to Part 1 <\/em><\/h3>\n\n<p><em>Mobility is therefore a central issue in our lives, and has undergone profound changes over the course of the century that suggest new revolutions in a context that is changing, particularly because of the climate emergency. Mobility structures our daily lives and is a complex subject to study. Strongly organized around the car, our mobility today has significant social, economic, ecological and human impacts. <\/em><\/p>\n\n<p><em><a href=\"https:\/\/bonpote.com\/en\/why-develop-cycling-making-the-case-for-the-bicycle-2-5\/\">In part 2, we will see that the bicycle responds to several of these issues.<\/a><\/em><\/p>","protected":false},"excerpt":{"rendered":"<p>A few months ago, I askedGuillaume Martin (mobility consultant at BL \u00e9volution) if he was motivated to write a few lines about cycling to be published on Bon Pote. He came back to me with almost 60 pages of content, well argued, illustrated and sourced! To facilitate the reading, we will publish this file in [&hellip;]<\/p>","protected":false},"author":1,"featured_media":16702,"comment_status":"open","ping_status":"closed","sticky":false,"template":"","format":[],"meta":{"_acf_changed":false,"inline_featured_image":false,"_lmt_disableupdate":"","_lmt_disable":"","_jetpack_memberships_contains_paid_content":false,"footnotes":""},"categories":[],"tags":[4266],"ppma_author":[4275],"class_list":["post-17598","post","type-post","status-publish","format-standard","has-post-thumbnail","hentry","tag-mobility"],"acf":[],"yoast_head":"<!-- This site is optimized with the Yoast SEO plugin v27.3 - https:\/\/yoast.com\/product\/yoast-seo-wordpress\/ -->\n<title>The bike is the future of our mobility (1\/5)<\/title>\n<meta name=\"description\" content=\"Mobility structures our lives but has a heavy economic, health and environmental impact The bicycle is a perfect alternative to\" \/>\n<meta name=\"robots\" content=\"index, follow, max-snippet:-1, max-image-preview:large, max-video-preview:-1\" \/>\n<link rel=\"canonical\" href=\"https:\/\/bonpote.com\/en\/the-bike-is-the-future-of-our-mobility-1-5\/\" \/>\n<meta property=\"og:locale\" content=\"en_US\" \/>\n<meta property=\"og:type\" content=\"article\" \/>\n<meta property=\"og:title\" content=\"The bike is the future of our mobility (1\/5)\" \/>\n<meta property=\"og:description\" content=\"Mobility structures our lives but has a heavy economic, health and environmental impact The bicycle is a perfect alternative to\" \/>\n<meta property=\"og:url\" content=\"https:\/\/bonpote.com\/en\/the-bike-is-the-future-of-our-mobility-1-5\/\" \/>\n<meta property=\"og:site_name\" content=\"Bon Pote\" \/>\n<meta property=\"article:publisher\" content=\"https:\/\/www.facebook.com\/bonpoteofficiel\/\" \/>\n<meta property=\"article:published_time\" content=\"2021-08-31T07:27:39+00:00\" \/>\n<meta property=\"article:modified_time\" content=\"2022-06-15T15:08:20+00:00\" \/>\n<meta property=\"og:image\" content=\"https:\/\/bonpote.com\/wp-content\/uploads\/2021\/08\/1-velo.jpg\" \/>\n\t<meta property=\"og:image:width\" content=\"1950\" \/>\n\t<meta property=\"og:image:height\" content=\"1300\" \/>\n\t<meta property=\"og:image:type\" content=\"image\/jpeg\" \/>\n<meta name=\"author\" content=\"Thomas Wagner\" \/>\n<meta name=\"twitter:card\" content=\"summary_large_image\" \/>\n<meta name=\"twitter:creator\" content=\"@Bonpote\" \/>\n<meta name=\"twitter:site\" content=\"@Bonpote\" \/>\n<meta name=\"twitter:label1\" content=\"Written by\" \/>\n\t<meta name=\"twitter:data1\" content=\"Thomas Wagner\" \/>\n\t<meta name=\"twitter:label2\" content=\"Est. reading time\" \/>\n\t<meta name=\"twitter:data2\" content=\"15 minutes\" \/>\n<script type=\"application\/ld+json\" class=\"yoast-schema-graph\">{\"@context\":\"https:\\\/\\\/schema.org\",\"@graph\":[{\"@type\":\"Article\",\"@id\":\"https:\\\/\\\/bonpote.com\\\/en\\\/the-bike-is-the-future-of-our-mobility-1-5\\\/#article\",\"isPartOf\":{\"@id\":\"https:\\\/\\\/bonpote.com\\\/en\\\/the-bike-is-the-future-of-our-mobility-1-5\\\/\"},\"author\":{\"name\":\"Thomas Wagner\",\"@id\":\"https:\\\/\\\/bonpote.com\\\/en\\\/#\\\/schema\\\/person\\\/13ab10f5710cc6ad68ba830d0fd17fd7\"},\"headline\":\"The bike is the future of our mobility (1\\\/5)\",\"datePublished\":\"2021-08-31T07:27:39+00:00\",\"dateModified\":\"2022-06-15T15:08:20+00:00\",\"mainEntityOfPage\":{\"@id\":\"https:\\\/\\\/bonpote.com\\\/en\\\/the-bike-is-the-future-of-our-mobility-1-5\\\/\"},\"wordCount\":3006,\"commentCount\":0,\"publisher\":{\"@id\":\"https:\\\/\\\/bonpote.com\\\/en\\\/#organization\"},\"image\":{\"@id\":\"https:\\\/\\\/bonpote.com\\\/en\\\/the-bike-is-the-future-of-our-mobility-1-5\\\/#primaryimage\"},\"thumbnailUrl\":\"https:\\\/\\\/bonpote.com\\\/wp-content\\\/uploads\\\/2021\\\/08\\\/1-velo.jpg\",\"keywords\":[\"Mobility\"],\"inLanguage\":\"en\",\"potentialAction\":[{\"@type\":\"CommentAction\",\"name\":\"Comment\",\"target\":[\"https:\\\/\\\/bonpote.com\\\/en\\\/the-bike-is-the-future-of-our-mobility-1-5\\\/#respond\"]}]},{\"@type\":\"WebPage\",\"@id\":\"https:\\\/\\\/bonpote.com\\\/en\\\/the-bike-is-the-future-of-our-mobility-1-5\\\/\",\"url\":\"https:\\\/\\\/bonpote.com\\\/en\\\/the-bike-is-the-future-of-our-mobility-1-5\\\/\",\"name\":\"The bike is the future of our mobility (1\\\/5)\",\"isPartOf\":{\"@id\":\"https:\\\/\\\/bonpote.com\\\/en\\\/#website\"},\"primaryImageOfPage\":{\"@id\":\"https:\\\/\\\/bonpote.com\\\/en\\\/the-bike-is-the-future-of-our-mobility-1-5\\\/#primaryimage\"},\"image\":{\"@id\":\"https:\\\/\\\/bonpote.com\\\/en\\\/the-bike-is-the-future-of-our-mobility-1-5\\\/#primaryimage\"},\"thumbnailUrl\":\"https:\\\/\\\/bonpote.com\\\/wp-content\\\/uploads\\\/2021\\\/08\\\/1-velo.jpg\",\"datePublished\":\"2021-08-31T07:27:39+00:00\",\"dateModified\":\"2022-06-15T15:08:20+00:00\",\"description\":\"Mobility structures our lives but has a heavy economic, health and environmental impact The bicycle is a perfect alternative to\",\"breadcrumb\":{\"@id\":\"https:\\\/\\\/bonpote.com\\\/en\\\/the-bike-is-the-future-of-our-mobility-1-5\\\/#breadcrumb\"},\"inLanguage\":\"en\",\"potentialAction\":[{\"@type\":\"ReadAction\",\"target\":[\"https:\\\/\\\/bonpote.com\\\/en\\\/the-bike-is-the-future-of-our-mobility-1-5\\\/\"]}]},{\"@type\":\"ImageObject\",\"inLanguage\":\"en\",\"@id\":\"https:\\\/\\\/bonpote.com\\\/en\\\/the-bike-is-the-future-of-our-mobility-1-5\\\/#primaryimage\",\"url\":\"https:\\\/\\\/bonpote.com\\\/wp-content\\\/uploads\\\/2021\\\/08\\\/1-velo.jpg\",\"contentUrl\":\"https:\\\/\\\/bonpote.com\\\/wp-content\\\/uploads\\\/2021\\\/08\\\/1-velo.jpg\",\"width\":1950,\"height\":1300,\"caption\":\"V\u00e9lo\"},{\"@type\":\"BreadcrumbList\",\"@id\":\"https:\\\/\\\/bonpote.com\\\/en\\\/the-bike-is-the-future-of-our-mobility-1-5\\\/#breadcrumb\",\"itemListElement\":[{\"@type\":\"ListItem\",\"position\":1,\"name\":\"Accueil\",\"item\":\"https:\\\/\\\/bonpote.com\\\/en\\\/home-2\\\/\"},{\"@type\":\"ListItem\",\"position\":2,\"name\":\"The bike is the future of our mobility (1\\\/5)\"}]},{\"@type\":\"WebSite\",\"@id\":\"https:\\\/\\\/bonpote.com\\\/en\\\/#website\",\"url\":\"https:\\\/\\\/bonpote.com\\\/en\\\/\",\"name\":\"Bon Pote\",\"description\":\"\u00c9cologie, D\u00e9mocratie, Num\u00e9rique\",\"publisher\":{\"@id\":\"https:\\\/\\\/bonpote.com\\\/en\\\/#organization\"},\"potentialAction\":[{\"@type\":\"SearchAction\",\"target\":{\"@type\":\"EntryPoint\",\"urlTemplate\":\"https:\\\/\\\/bonpote.com\\\/en\\\/?s={search_term_string}\"},\"query-input\":{\"@type\":\"PropertyValueSpecification\",\"valueRequired\":true,\"valueName\":\"search_term_string\"}}],\"inLanguage\":\"en\"},{\"@type\":\"Organization\",\"@id\":\"https:\\\/\\\/bonpote.com\\\/en\\\/#organization\",\"name\":\"bonpote\",\"url\":\"https:\\\/\\\/bonpote.com\\\/en\\\/\",\"logo\":{\"@type\":\"ImageObject\",\"inLanguage\":\"en\",\"@id\":\"https:\\\/\\\/bonpote.com\\\/en\\\/#\\\/schema\\\/logo\\\/image\\\/\",\"url\":\"https:\\\/\\\/bonpote.com\\\/wp-content\\\/uploads\\\/2024\\\/01\\\/logobp-1.svg\",\"contentUrl\":\"https:\\\/\\\/bonpote.com\\\/wp-content\\\/uploads\\\/2024\\\/01\\\/logobp-1.svg\",\"width\":118,\"height\":30,\"caption\":\"bonpote\"},\"image\":{\"@id\":\"https:\\\/\\\/bonpote.com\\\/en\\\/#\\\/schema\\\/logo\\\/image\\\/\"},\"sameAs\":[\"https:\\\/\\\/www.facebook.com\\\/bonpoteofficiel\\\/\",\"https:\\\/\\\/x.com\\\/Bonpote\"]},{\"@type\":\"Person\",\"@id\":\"https:\\\/\\\/bonpote.com\\\/en\\\/#\\\/schema\\\/person\\\/13ab10f5710cc6ad68ba830d0fd17fd7\",\"name\":\"Thomas Wagner\",\"image\":{\"@type\":\"ImageObject\",\"inLanguage\":\"en\",\"@id\":\"https:\\\/\\\/bonpote.com\\\/wp-content\\\/uploads\\\/2024\\\/01\\\/ThomasW-300x214.png192d805340212ad82c47436f304ba50c\",\"url\":\"https:\\\/\\\/bonpote.com\\\/wp-content\\\/uploads\\\/2024\\\/01\\\/ThomasW-300x214.png\",\"contentUrl\":\"https:\\\/\\\/bonpote.com\\\/wp-content\\\/uploads\\\/2024\\\/01\\\/ThomasW-300x214.png\",\"caption\":\"Thomas Wagner\"},\"description\":\"Prendra sa retraite quand le r\u00e9chauffement climatique sera de l\u2019histoire ancienne\",\"url\":\"https:\\\/\\\/bonpote.com\\\/en\\\/auteurs\\\/thomas-wagner\\\/\"}]}<\/script>\n<!-- \/ Yoast SEO plugin. -->","yoast_head_json":{"title":"The bike is the future of our mobility (1\/5)","description":"Mobility structures our lives but has a heavy economic, health and environmental impact The bicycle is a perfect alternative to","robots":{"index":"index","follow":"follow","max-snippet":"max-snippet:-1","max-image-preview":"max-image-preview:large","max-video-preview":"max-video-preview:-1"},"canonical":"https:\/\/bonpote.com\/en\/the-bike-is-the-future-of-our-mobility-1-5\/","og_locale":"en_US","og_type":"article","og_title":"The bike is the future of our mobility (1\/5)","og_description":"Mobility structures our lives but has a heavy economic, health and environmental impact The bicycle is a perfect alternative to","og_url":"https:\/\/bonpote.com\/en\/the-bike-is-the-future-of-our-mobility-1-5\/","og_site_name":"Bon Pote","article_publisher":"https:\/\/www.facebook.com\/bonpoteofficiel\/","article_published_time":"2021-08-31T07:27:39+00:00","article_modified_time":"2022-06-15T15:08:20+00:00","og_image":[{"width":1950,"height":1300,"url":"https:\/\/bonpote.com\/wp-content\/uploads\/2021\/08\/1-velo.jpg","type":"image\/jpeg"}],"author":"Thomas Wagner","twitter_card":"summary_large_image","twitter_creator":"@Bonpote","twitter_site":"@Bonpote","twitter_misc":{"Written by":"Thomas Wagner","Est. reading time":"15 minutes"},"schema":{"@context":"https:\/\/schema.org","@graph":[{"@type":"Article","@id":"https:\/\/bonpote.com\/en\/the-bike-is-the-future-of-our-mobility-1-5\/#article","isPartOf":{"@id":"https:\/\/bonpote.com\/en\/the-bike-is-the-future-of-our-mobility-1-5\/"},"author":{"name":"Thomas Wagner","@id":"https:\/\/bonpote.com\/en\/#\/schema\/person\/13ab10f5710cc6ad68ba830d0fd17fd7"},"headline":"The bike is the future of our mobility (1\/5)","datePublished":"2021-08-31T07:27:39+00:00","dateModified":"2022-06-15T15:08:20+00:00","mainEntityOfPage":{"@id":"https:\/\/bonpote.com\/en\/the-bike-is-the-future-of-our-mobility-1-5\/"},"wordCount":3006,"commentCount":0,"publisher":{"@id":"https:\/\/bonpote.com\/en\/#organization"},"image":{"@id":"https:\/\/bonpote.com\/en\/the-bike-is-the-future-of-our-mobility-1-5\/#primaryimage"},"thumbnailUrl":"https:\/\/bonpote.com\/wp-content\/uploads\/2021\/08\/1-velo.jpg","keywords":["Mobility"],"inLanguage":"en","potentialAction":[{"@type":"CommentAction","name":"Comment","target":["https:\/\/bonpote.com\/en\/the-bike-is-the-future-of-our-mobility-1-5\/#respond"]}]},{"@type":"WebPage","@id":"https:\/\/bonpote.com\/en\/the-bike-is-the-future-of-our-mobility-1-5\/","url":"https:\/\/bonpote.com\/en\/the-bike-is-the-future-of-our-mobility-1-5\/","name":"The bike is the future of our mobility (1\/5)","isPartOf":{"@id":"https:\/\/bonpote.com\/en\/#website"},"primaryImageOfPage":{"@id":"https:\/\/bonpote.com\/en\/the-bike-is-the-future-of-our-mobility-1-5\/#primaryimage"},"image":{"@id":"https:\/\/bonpote.com\/en\/the-bike-is-the-future-of-our-mobility-1-5\/#primaryimage"},"thumbnailUrl":"https:\/\/bonpote.com\/wp-content\/uploads\/2021\/08\/1-velo.jpg","datePublished":"2021-08-31T07:27:39+00:00","dateModified":"2022-06-15T15:08:20+00:00","description":"Mobility structures our lives but has a heavy economic, health and environmental impact The bicycle is a perfect alternative to","breadcrumb":{"@id":"https:\/\/bonpote.com\/en\/the-bike-is-the-future-of-our-mobility-1-5\/#breadcrumb"},"inLanguage":"en","potentialAction":[{"@type":"ReadAction","target":["https:\/\/bonpote.com\/en\/the-bike-is-the-future-of-our-mobility-1-5\/"]}]},{"@type":"ImageObject","inLanguage":"en","@id":"https:\/\/bonpote.com\/en\/the-bike-is-the-future-of-our-mobility-1-5\/#primaryimage","url":"https:\/\/bonpote.com\/wp-content\/uploads\/2021\/08\/1-velo.jpg","contentUrl":"https:\/\/bonpote.com\/wp-content\/uploads\/2021\/08\/1-velo.jpg","width":1950,"height":1300,"caption":"V\u00e9lo"},{"@type":"BreadcrumbList","@id":"https:\/\/bonpote.com\/en\/the-bike-is-the-future-of-our-mobility-1-5\/#breadcrumb","itemListElement":[{"@type":"ListItem","position":1,"name":"Accueil","item":"https:\/\/bonpote.com\/en\/home-2\/"},{"@type":"ListItem","position":2,"name":"The bike is the future of our mobility (1\/5)"}]},{"@type":"WebSite","@id":"https:\/\/bonpote.com\/en\/#website","url":"https:\/\/bonpote.com\/en\/","name":"Bon Pote","description":"\u00c9cologie, D\u00e9mocratie, Num\u00e9rique","publisher":{"@id":"https:\/\/bonpote.com\/en\/#organization"},"potentialAction":[{"@type":"SearchAction","target":{"@type":"EntryPoint","urlTemplate":"https:\/\/bonpote.com\/en\/?s={search_term_string}"},"query-input":{"@type":"PropertyValueSpecification","valueRequired":true,"valueName":"search_term_string"}}],"inLanguage":"en"},{"@type":"Organization","@id":"https:\/\/bonpote.com\/en\/#organization","name":"bonpote","url":"https:\/\/bonpote.com\/en\/","logo":{"@type":"ImageObject","inLanguage":"en","@id":"https:\/\/bonpote.com\/en\/#\/schema\/logo\/image\/","url":"https:\/\/bonpote.com\/wp-content\/uploads\/2024\/01\/logobp-1.svg","contentUrl":"https:\/\/bonpote.com\/wp-content\/uploads\/2024\/01\/logobp-1.svg","width":118,"height":30,"caption":"bonpote"},"image":{"@id":"https:\/\/bonpote.com\/en\/#\/schema\/logo\/image\/"},"sameAs":["https:\/\/www.facebook.com\/bonpoteofficiel\/","https:\/\/x.com\/Bonpote"]},{"@type":"Person","@id":"https:\/\/bonpote.com\/en\/#\/schema\/person\/13ab10f5710cc6ad68ba830d0fd17fd7","name":"Thomas Wagner","image":{"@type":"ImageObject","inLanguage":"en","@id":"https:\/\/bonpote.com\/wp-content\/uploads\/2024\/01\/ThomasW-300x214.png192d805340212ad82c47436f304ba50c","url":"https:\/\/bonpote.com\/wp-content\/uploads\/2024\/01\/ThomasW-300x214.png","contentUrl":"https:\/\/bonpote.com\/wp-content\/uploads\/2024\/01\/ThomasW-300x214.png","caption":"Thomas Wagner"},"description":"Prendra sa retraite quand le r\u00e9chauffement climatique sera de l\u2019histoire ancienne","url":"https:\/\/bonpote.com\/en\/auteurs\/thomas-wagner\/"}]}},"modified_by":null,"jetpack_featured_media_url":"https:\/\/bonpote.com\/wp-content\/uploads\/2021\/08\/1-velo.jpg","jetpack_sharing_enabled":true,"authors":[{"term_id":4275,"user_id":1,"is_guest":0,"slug":"thomas-wagner","display_name":"Thomas Wagner","avatar_url":"https:\/\/bonpote.com\/wp-content\/uploads\/2024\/01\/ThomasW-300x214.png","0":null,"1":"","2":"","3":"","4":"","5":"","6":"","7":"","8":""}],"_links":{"self":[{"href":"https:\/\/bonpote.com\/en\/wp-json\/wp\/v2\/posts\/17598","targetHints":{"allow":["GET"]}}],"collection":[{"href":"https:\/\/bonpote.com\/en\/wp-json\/wp\/v2\/posts"}],"about":[{"href":"https:\/\/bonpote.com\/en\/wp-json\/wp\/v2\/types\/post"}],"author":[{"embeddable":true,"href":"https:\/\/bonpote.com\/en\/wp-json\/wp\/v2\/users\/1"}],"replies":[{"embeddable":true,"href":"https:\/\/bonpote.com\/en\/wp-json\/wp\/v2\/comments?post=17598"}],"version-history":[{"count":3,"href":"https:\/\/bonpote.com\/en\/wp-json\/wp\/v2\/posts\/17598\/revisions"}],"predecessor-version":[{"id":17800,"href":"https:\/\/bonpote.com\/en\/wp-json\/wp\/v2\/posts\/17598\/revisions\/17800"}],"wp:featuredmedia":[{"embeddable":true,"href":"https:\/\/bonpote.com\/en\/wp-json\/wp\/v2\/media\/16702"}],"wp:attachment":[{"href":"https:\/\/bonpote.com\/en\/wp-json\/wp\/v2\/media?parent=17598"}],"wp:term":[{"taxonomy":"category","embeddable":true,"href":"https:\/\/bonpote.com\/en\/wp-json\/wp\/v2\/categories?post=17598"},{"taxonomy":"post_tag","embeddable":true,"href":"https:\/\/bonpote.com\/en\/wp-json\/wp\/v2\/tags?post=17598"},{"taxonomy":"format","embeddable":true,"href":"https:\/\/bonpote.com\/en\/wp-json\/wp\/v2\/format?post=17598"},{"taxonomy":"author","embeddable":true,"href":"https:\/\/bonpote.com\/en\/wp-json\/wp\/v2\/ppma_author?post=17598"}],"curies":[{"name":"wp","href":"https:\/\/api.w.org\/{rel}","templated":true}]}}